{"id":172,"date":"2026-03-05T17:39:43","date_gmt":"2026-03-05T17:39:43","guid":{"rendered":"http:\/\/www.skolicka-domecek.cz\/bn\/?p=172"},"modified":"2026-03-06T16:57:19","modified_gmt":"2026-03-06T16:57:19","slug":"volna-mista-k-zapisu-do-materske-skoly-a-jesli","status":"publish","type":"post","link":"https:\/\/www.skolicka-domecek.cz\/bn\/volna-mista-k-zapisu-do-materske-skoly-a-jesli\/","title":{"rendered":"P\u0158EDZ\u00c1PIS DO M\u0160"},"content":{"rendered":"\t\t<div data-elementor-type=\"wp-post\" data-elementor-id=\"172\" class=\"elementor elementor-172\" data-elementor-post-type=\"post\">\n\t\t\t\t\t\t<section data-particle_enable=\"false\" data-particle-mobile-disabled=\"false\" class=\"has_ae_slider elementor-section elementor-top-section elementor-element elementor-element-57483e74 elementor-section-boxed elementor-section-height-default elementor-section-height-default ae-bg-gallery-type-default\" data-id=\"57483e74\" data-element_type=\"section\">\n\t\t\t\t\t\t<div class=\"elementor-container elementor-column-gap-default\">\n\t\t\t\t\t<div class=\"has_ae_slider elementor-column elementor-col-100 elementor-top-column elementor-element elementor-element-180f31a0 ae-bg-gallery-type-default\" data-id=\"180f31a0\" data-element_type=\"column\">\n\t\t\t<div class=\"elementor-widget-wrap elementor-element-populated\">\n\t\t\t\t\t\t<div class=\"elementor-element elementor-element-2d1ef593 elementor-widget elementor-widget-text-editor\" data-id=\"2d1ef593\" data-element_type=\"widget\" data-widget_type=\"text-editor.default\">\n\t\t\t\t<div class=\"elementor-widget-container\">\n\t\t\t\t\t\t\t\t\t<h1 id=\"materska-skola-a-jesle-domecek-praha-9-kyje-nabizi-volna-mista-k-zapisu-do-ms-a-jeslicek\" style=\"text-align: center;\"><span style=\"color: #000000;\">Prvn\u00ed a jedin\u00e1 anglicko-\u010desk\u00e1 \u0161kolka v okrese Bene\u0161ov\u00a0 p\u0159ij\u00edm\u00e1 v r\u00e1mci p\u0159edz\u00e1pisu p\u0159ihl\u00e1\u0161ky na p\u0159ijet\u00ed do \u0161koln\u00edho roku 2026\/27<\/span><\/h1>\n<p><span style=\"color: #000000;\"><!-- \/wp:heading --><\/span><\/p>\n<p><span style=\"color: #000000;\"><!-- wp:paragraph --><\/span><\/p>\n<p><span style=\"color: #000000;\">V\u00e1\u017een\u00ed rodi\u010de,<\/span><\/p>\n<p><span style=\"color: #000000;\"><!-- \/wp:paragraph --><\/span><\/p>\n<p><span style=\"color: #000000;\"><!-- wp:paragraph --><\/span><\/p>\n<p><span style=\"color: #000000;\">pro usnadn\u011bn\u00ed a urychlen\u00ed z\u00e1pisu Va\u0161eho d\u00edt\u011bte do na\u0161\u00ed mate\u0159sk\u00e9 \u0161koly<\/span><br \/><span style=\"color: #000000;\">m\u016f\u017eete vyu\u017e\u00edt Elektronick\u00e9ho p\u0159edz\u00e1pisu. Na webov\u00e9 str\u00e1nce\u00a0<a style=\"color: #000000;\" href=\"https:\/\/elektronickypredzapis.cz\/materska-skola\/skolicka-domecek-benesov\" target=\"_blank\" rel=\"noreferrer noopener\">www.elektronickypredzapis.cz<\/a> , nebo p\u0159\u00edmo na tomto (klikn\u011bte) <strong><a style=\"color: #000000;\" href=\"https:\/\/elektronickypredzapis.cz\/materska-skola\/skolicka-domecek-benesov\" target=\"_blank\" rel=\"noreferrer noopener\">\u00a0<span style=\"color: #0000ff;\">webov\u00e9m odkaze elektronick\u00e9ho p\u0159edz\u00e1pisu<\/span><\/a><\/strong>\u00a0sta\u010d\u00ed vyhledat na\u0161i mate\u0159skou \u0161kolu a p\u0159edzapsat se do n\u00ed.<\/span><\/p>\n<p><span style=\"color: #000000;\"><!-- \/wp:paragraph --><\/span><\/p>\n<p><span style=\"color: #000000;\"><!-- wp:paragraph --><\/span><\/p>\n<p><span style=\"color: #000000;\">D\u00e1le V\u00e1s program navede, jak\u00e9 dal\u0161\u00ed kroky je pot\u0159eba podniknout (tisk<\/span><br \/><span style=\"color: #000000;\">vypln\u011bn\u00e9 \u017e\u00e1dosti, n\u00e1v\u0161t\u011bva l\u00e9ka\u0159e) a v\u0161e pot\u0159ebn\u00e9 doru\u010dit do M\u0160<\/span><br \/><span style=\"color: #000000;\">stanoven\u00fdm zp\u016fsobem v term\u00ednu \u0159\u00e1dn\u00e9ho z\u00e1pisu.<\/span><\/p>\n<p><span style=\"color: #000000;\"><!-- \/wp:paragraph --><\/span><\/p>\n<p><span style=\"color: #000000;\"><!-- wp:paragraph --><\/span><\/p>\n<p><span style=\"color: #000000;\">Odkaz na\u00a0<span style=\"color: #0000ff;\"><a style=\"color: #0000ff;\" href=\"https:\/\/skolicka-domecek.cz\/bn\/cenik-benesov\/\" target=\"_blank\" rel=\"noreferrer noopener\"><strong>cen\u00edk je zde<\/strong><\/a><\/span>\u00a0a\u00a0<span style=\"color: #0000ff;\"><a style=\"color: #0000ff;\" href=\"https:\/\/elektronickypredzapis.cz\/materska-skola\/skolicka-domecek-benesov\" target=\"_blank\" rel=\"noreferrer noopener\"><strong>odkaz na elektronick\u00fd p\u0159edz\u00e1pis je zde<\/strong><\/a><\/span><\/span><\/p>\n<p><span style=\"color: #000000;\"><!-- \/wp:paragraph --><\/span><\/p>\n<p><span style=\"color: #000000;\"><!-- wp:paragraph --><\/span><\/p>\n<p><span style=\"color: #000000;\">V p\u0159\u00edpad\u011b va\u0161eho z\u00e1jmu, \u00a0kontaktujte n\u00e1s\u00a0<strong><a style=\"color: #000000;\" href=\"http:\/\/skolicka-domecek.cz\/contacts\/\">zde<\/a><\/strong>\u00a0nebo p\u0159\u00edmo na telefonn\u00edm \u010d\u00edsle <span style=\"color: #0000ff;\"><strong>603439570<\/strong><\/span>.<\/span><\/p>\n<p><!-- \/wp:paragraph --><\/p>\t\t\t\t\t\t\t\t<\/div>\n\t\t\t\t<\/div>\n\t\t\t\t\t<\/div>\n\t\t<\/div>\n\t\t\t\t\t<\/div>\n\t\t<\/section>\n\t\t\t\t<\/div>\n\t\t","protected":false},"excerpt":{"rendered":"<p>Prvn\u00ed a jedin\u00e1 anglicko-\u010desk\u00e1 \u0161kolka v okrese Bene\u0161ov\u00a0 p\u0159ij\u00edm\u00e1 v r\u00e1mci p\u0159edz\u00e1pisu p\u0159ihl\u00e1\u0161ky na p\u0159ijet\u00ed do \u0161koln\u00edho roku 2026\/27 V\u00e1\u017een\u00ed rodi\u010de, pro usnadn\u011bn\u00ed a urychlen\u00ed z\u00e1pisu Va\u0161eho d\u00edt\u011bte do na\u0161\u00ed mate\u0159sk\u00e9 \u0161kolym\u016f\u017eete vyu\u017e\u00edt Elektronick\u00e9ho p\u0159edz\u00e1pisu. Na webov\u00e9 str\u00e1nce\u00a0www.elektronickypredzapis.cz , nebo p\u0159\u00edmo na tomto (klikn\u011bte) \u00a0webov\u00e9m odkaze elektronick\u00e9ho p\u0159edz\u00e1pisu\u00a0sta\u010d\u00ed vyhledat na\u0161i mate\u0159skou \u0161kolu a p\u0159edzapsat se [&hellip;]<\/p>\n","protected":false},"author":4,"featured_media":173,"comment_status":"open","ping_status":"open","sticky":false,"template":"","format":"standard","meta":{"footnotes":""},"categories":[1],"tags":[],"class_list":["post-172","post","type-post","status-publish","format-standard","has-post-thumbnail","hentry","category-aktuality"],"acf":[],"yoast_head":"<!-- This site is optimized with the Yoast SEO Premium plugin v15.2.1 - https:\/\/yoast.com\/wordpress\/plugins\/seo\/ -->\n<title>P\u0158EDZ\u00c1PIS DO M\u0160 - \u0160koli\u010dka Dome\u010dek<\/title>\n<meta name=\"robots\" content=\"index, follow, max-snippet:-1, max-image-preview:large, max-video-preview:-1\" \/>\n<link rel=\"canonical\" href=\"https:\/\/www.skolicka-domecek.cz\/bn\/volna-mista-k-zapisu-do-materske-skoly-a-jesli\/\" \/>\n<meta property=\"og:locale\" content=\"cs_CZ\" \/>\n<meta property=\"og:type\" content=\"article\" \/>\n<meta property=\"og:title\" content=\"P\u0158EDZ\u00c1PIS DO M\u0160 - \u0160koli\u010dka Dome\u010dek\" \/>\n<meta property=\"og:description\" content=\"Prvn\u00ed a jedin\u00e1 anglicko-\u010desk\u00e1 \u0161kolka v okrese Bene\u0161ov\u00a0 p\u0159ij\u00edm\u00e1 v r\u00e1mci p\u0159edz\u00e1pisu p\u0159ihl\u00e1\u0161ky na p\u0159ijet\u00ed do \u0161koln\u00edho roku 2026\/27 V\u00e1\u017een\u00ed rodi\u010de, pro usnadn\u011bn\u00ed a urychlen\u00ed z\u00e1pisu Va\u0161eho d\u00edt\u011bte do na\u0161\u00ed mate\u0159sk\u00e9 \u0161kolym\u016f\u017eete vyu\u017e\u00edt Elektronick\u00e9ho p\u0159edz\u00e1pisu. Na webov\u00e9 str\u00e1nce\u00a0www.elektronickypredzapis.cz , nebo p\u0159\u00edmo na tomto (klikn\u011bte) \u00a0webov\u00e9m odkaze elektronick\u00e9ho p\u0159edz\u00e1pisu\u00a0sta\u010d\u00ed vyhledat na\u0161i mate\u0159skou \u0161kolu a p\u0159edzapsat se [&hellip;]\" \/>\n<meta property=\"og:url\" content=\"https:\/\/www.skolicka-domecek.cz\/bn\/volna-mista-k-zapisu-do-materske-skoly-a-jesli\/\" \/>\n<meta property=\"og:site_name\" content=\"\u0160koli\u010dka Dome\u010dek\" \/>\n<meta property=\"article:published_time\" content=\"2026-03-05T17:39:43+00:00\" \/>\n<meta property=\"article:modified_time\" content=\"2026-03-06T16:57:19+00:00\" \/>\n<meta property=\"og:image\" content=\"https:\/\/www.skolicka-domecek.cz\/bn\/wp-content\/uploads\/2022\/02\/Skolicka-3-900x444-1.jpg\" \/>\n\t<meta property=\"og:image:width\" content=\"900\" \/>\n\t<meta property=\"og:image:height\" content=\"444\" \/>\n<meta name=\"twitter:card\" content=\"summary_large_image\" \/>\n<meta name=\"twitter:label1\" content=\"Napsal(a)\">\n\t<meta name=\"twitter:data1\" content=\"skolicka-domecek\">\n\t<meta name=\"twitter:label2\" content=\"Odhadovan\u00e1 doba \u010dten\u00ed\">\n\t<meta name=\"twitter:data2\" content=\"1 minuta\">\n<script type=\"application\/ld+json\" class=\"yoast-schema-graph\">{\"@context\":\"https:\/\/schema.org\",\"@graph\":[{\"@type\":\"WebSite\",\"@id\":\"https:\/\/www.skolicka-domecek.cz\/bn\/#website\",\"url\":\"https:\/\/www.skolicka-domecek.cz\/bn\/\",\"name\":\"\\u0160koli\\u010dka Dome\\u010dek\",\"description\":\"\",\"potentialAction\":[{\"@type\":\"SearchAction\",\"target\":\"https:\/\/www.skolicka-domecek.cz\/bn\/?s={search_term_string}\",\"query-input\":\"required name=search_term_string\"}],\"inLanguage\":\"cs\"},{\"@type\":\"ImageObject\",\"@id\":\"https:\/\/www.skolicka-domecek.cz\/bn\/volna-mista-k-zapisu-do-materske-skoly-a-jesli\/#primaryimage\",\"inLanguage\":\"cs\",\"url\":\"https:\/\/www.skolicka-domecek.cz\/bn\/wp-content\/uploads\/2022\/02\/Skolicka-3-900x444-1.jpg\",\"width\":900,\"height\":444},{\"@type\":\"WebPage\",\"@id\":\"https:\/\/www.skolicka-domecek.cz\/bn\/volna-mista-k-zapisu-do-materske-skoly-a-jesli\/#webpage\",\"url\":\"https:\/\/www.skolicka-domecek.cz\/bn\/volna-mista-k-zapisu-do-materske-skoly-a-jesli\/\",\"name\":\"P\\u0158EDZ\\u00c1PIS DO M\\u0160 - \\u0160koli\\u010dka Dome\\u010dek\",\"isPartOf\":{\"@id\":\"https:\/\/www.skolicka-domecek.cz\/bn\/#website\"},\"primaryImageOfPage\":{\"@id\":\"https:\/\/www.skolicka-domecek.cz\/bn\/volna-mista-k-zapisu-do-materske-skoly-a-jesli\/#primaryimage\"},\"datePublished\":\"2026-03-05T17:39:43+00:00\",\"dateModified\":\"2026-03-06T16:57:19+00:00\",\"author\":{\"@id\":\"https:\/\/www.skolicka-domecek.cz\/bn\/#\/schema\/person\/b1ab3fd5c6c3b272c18dfbe3ec888d18\"},\"inLanguage\":\"cs\",\"potentialAction\":[{\"@type\":\"ReadAction\",\"target\":[\"https:\/\/www.skolicka-domecek.cz\/bn\/volna-mista-k-zapisu-do-materske-skoly-a-jesli\/\"]}]},{\"@type\":\"Person\",\"@id\":\"https:\/\/www.skolicka-domecek.cz\/bn\/#\/schema\/person\/b1ab3fd5c6c3b272c18dfbe3ec888d18\",\"name\":\"skolicka-domecek\",\"image\":{\"@type\":\"ImageObject\",\"@id\":\"https:\/\/www.skolicka-domecek.cz\/bn\/#personlogo\",\"inLanguage\":\"cs\",\"url\":\"https:\/\/secure.gravatar.com\/avatar\/26bd23bc127e5f4b002f769184a925833606f7c0c32306c777526a3409696e4c?s=96&d=mm&r=g\",\"caption\":\"skolicka-domecek\"}}]}<\/script>\n<!-- \/ Yoast SEO Premium plugin. -->","_links":{"self":[{"href":"https:\/\/www.skolicka-domecek.cz\/bn\/wp-json\/wp\/v2\/posts\/172","targetHints":{"allow":["GET"]}}],"collection":[{"href":"https:\/\/www.skolicka-domecek.cz\/bn\/wp-json\/wp\/v2\/posts"}],"about":[{"href":"https:\/\/www.skolicka-domecek.cz\/bn\/wp-json\/wp\/v2\/types\/post"}],"author":[{"embeddable":true,"href":"https:\/\/www.skolicka-domecek.cz\/bn\/wp-json\/wp\/v2\/users\/4"}],"replies":[{"embeddable":true,"href":"https:\/\/www.skolicka-domecek.cz\/bn\/wp-json\/wp\/v2\/comments?post=172"}],"version-history":[{"count":32,"href":"https:\/\/www.skolicka-domecek.cz\/bn\/wp-json\/wp\/v2\/posts\/172\/revisions"}],"predecessor-version":[{"id":1383,"href":"https:\/\/www.skolicka-domecek.cz\/bn\/wp-json\/wp\/v2\/posts\/172\/revisions\/1383"}],"wp:featuredmedia":[{"embeddable":true,"href":"https:\/\/www.skolicka-domecek.cz\/bn\/wp-json\/wp\/v2\/media\/173"}],"wp:attachment":[{"href":"https:\/\/www.skolicka-domecek.cz\/bn\/wp-json\/wp\/v2\/media?parent=172"}],"wp:term":[{"taxonomy":"category","embeddable":true,"href":"https:\/\/www.skolicka-domecek.cz\/bn\/wp-json\/wp\/v2\/categories?post=172"},{"taxonomy":"post_tag","embeddable":true,"href":"https:\/\/www.skolicka-domecek.cz\/bn\/wp-json\/wp\/v2\/tags?post=172"}],"curies":[{"name":"wp","href":"https:\/\/api.w.org\/{rel}","templated":true}]}}